{"id":74683,"date":"2019-09-11T08:00:20","date_gmt":"2019-09-11T08:00:20","guid":{"rendered":"https:\/\/slowmoov.com\/die-blasenmesse-wird-zu-blasen-und-gastronomie\/"},"modified":"2025-12-03T19:26:00","modified_gmt":"2025-12-03T19:26:00","slug":"die-blasenmesse-wird-zu-blasen-und-gastronomie","status":"publish","type":"post","link":"https:\/\/slowmoov.com\/de\/die-blasenmesse-wird-zu-blasen-und-gastronomie\/","title":{"rendered":"Die Blasenmesse wird zu &#8222;Blasen und Gastronomie&#8220;."},"content":{"rendered":"<h5>Treffen Sie uns am 28. und 29. September 2019 in Bar-sur-Aube, um das Ende der Weinlese auf prickelnde und gastronomische Weise zu feiern.<\/h5>\n<p><img fetchpriority=\"high\" decoding=\"async\" class=\" wp-image-9745 alignright\" src=\"\/wp-content\/uploads\/2019\/09\/bulles_et_gastronomie-1-216x300.jpg\" alt=\"Blasen und Gastronomie\" width=\"424\" height=\"589\"><br \/>\nZahlreiche Aussteller werden im <a class=\"al\" href=\"https:\/\/www.eterritoire.fr\/tout\/ville\">Stadtzentrum<\/a> vertreten sein: H\u00e4ndler, Handwerker, Jahrmarkt, lokale Vereine, Champagner-St\u00e4nde&#8230;.<br \/>\n&#8222;Village Champagne&#8220; und &#8222;Village Nature et saveurs&#8220;, zwei ausgesprochen schicke und gesellige Bereiche, die der Verkostung und der Entspannung gewidmet sind.<\/p>\n<p>Zahlreiche musikalische und festliche Veranstaltungen<\/p>\n<p>3. KULINARISCHER WETTBEWERB CHAMPAGNE UND GASTRONOMIE &#8222;Bar \u00f4 <a class=\"al\" href=\"https:\/\/www.eterritoire.fr\/tout\/chefs\">Chefs<\/a> &#8222;! Vorsitzender ist Jean-Baptiste NATALI, Sternekoch in Colombey les deux <a class=\"al\" href=\"https:\/\/www.eterritoire.fr\/tout\/eglises\">Eglises<\/a>.<\/p>\n<p>2. KULINARISCHER WETTBEWERB CHAMPAGNE UND GASTRONOMIE &#8222;Bar \u00f4 petits Chefs&#8220; (Bar \u00f4 kleine K\u00f6che)<\/p>\n<p>Zu diesem Anlass organisiert die Stadt Bar-sur-Aube einen kulinarischen Wettbewerb, der sich mit dem Thema Champagner befasst.<br \/>\nDieser kostenlose Wettbewerb f\u00fcr \u00fcber 18-J\u00e4hrige findet unter den Arkaden des Rathauses am Sonntag, den 29. September 2019 von 14:30 bis 16:30 Uhr statt und wird von Jean-Baptiste Natali geleitet.<\/p>\n<p>Jeder Kandidat muss ein Gericht f\u00fcr 6 Personen zubereiten, dessen Rezept um 14.00 Uhr bekannt gegeben wird. Jeder Kandidat verf\u00fcgt \u00fcber einen Korb mit den Produkten, <span class=\"text_exposed_show\">die ihm zur Verf\u00fcgung stehen.<\/span> <\/p>\n<div class=\"text_exposed_show\">\n<p>Preise:<\/p>\n<p>1. Preis: ein Essen f\u00fcr 2 Personen in der Hostellerie la Montagne in Colombey-les-deux-Eglises sowie eine Magnumflasche Champagner<br \/>\n2. Preis: ein Essen f\u00fcr 2 Personen im Restaurant Le Cellier in Bar-sur-Aube sowie zwei Flaschen Champagner<br \/>\n3. Preis: 1 Gutschein \u00fcber 80 \u20ac bei Cave et saveurs in Bar-sur-Aube<br \/>\nDie anderen Kandidaten erhalten ebenfalls Teilnahmegeschenke.<\/p>\n<\/div>\n","protected":false},"excerpt":{"rendered":"<p>Treffen Sie uns am 28. und 29. September 2019 in Bar-sur-Aube, um das Ende der Weinlese auf prickelnde und gastronomische Weise zu feiern. Zahlreiche Aussteller werden im Stadtzentrum vertreten sein: H\u00e4ndler, Handwerker, Jahrmarkt, lokale Vereine, Champagner-St\u00e4nde&#8230;. &#8222;Village Champagne&#8220; und &#8222;Village Nature et saveurs&#8220;, zwei ausgesprochen schicke und gesellige Bereiche, die der Verkostung und der Entspannung [&hellip;]<\/p>\n","protected":false},"author":5,"featured_media":74684,"comment_status":"closed","ping_status":"open","sticky":false,"template":"","format":"standard","meta":{"_acf_changed":false,"footnotes":""},"categories":[127,124],"tags":[170,154,171],"class_list":["post-74683","post","type-post","status-publish","format-standard","has-post-thumbnail","hentry","category-dorf-in-der-champagne","category-nachrichten","tag-bar-sur-aube","tag-champagner","tag-weinlese"],"acf":[],"yoast_head":"<!-- This site is optimized with the Yoast SEO plugin v27.5 - https:\/\/yoast.com\/product\/yoast-seo-wordpress\/ -->\n<title>Die Blasenmesse wird zu &quot;Blasen und Gastronomie&quot;. - SlowMoov \u2013 Au\u00dfergew\u00f6hnliche D\u00f6rfer<\/title>\n<meta name=\"description\" content=\"Aus der Blasenmesse wird BULLES &amp; GASTRONOMIE: Treffen Sie uns in Bar-sur-Aube am 28. und 29. September 2019, um das Ende der Weinlese auf prickelnde und gastronomische Weise zu feiern.\" \/>\n<meta name=\"robots\" content=\"index, follow, max-snippet:-1, max-image-preview:large, max-video-preview:-1\" \/>\n<link rel=\"canonical\" href=\"https:\/\/slowmoov.com\/de\/die-blasenmesse-wird-zu-blasen-und-gastronomie\/\" \/>\n<meta property=\"og:locale\" content=\"de_DE\" \/>\n<meta property=\"og:type\" content=\"article\" \/>\n<meta property=\"og:title\" content=\"Die Blasenmesse wird zu &quot;Blasen und Gastronomie&quot;. - SlowMoov \u2013 Au\u00dfergew\u00f6hnliche D\u00f6rfer\" \/>\n<meta property=\"og:description\" content=\"Aus der Blasenmesse wird BULLES &amp; GASTRONOMIE: Treffen Sie uns in Bar-sur-Aube am 28. und 29. September 2019, um das Ende der Weinlese auf prickelnde und gastronomische Weise zu feiern.\" \/>\n<meta property=\"og:url\" content=\"https:\/\/slowmoov.com\/de\/die-blasenmesse-wird-zu-blasen-und-gastronomie\/\" \/>\n<meta property=\"og:site_name\" content=\"SlowMoov \u2013 Au\u00dfergew\u00f6hnliche D\u00f6rfer\" \/>\n<meta property=\"article:publisher\" content=\"https:\/\/www.facebook.com\/slowmoov\/\" \/>\n<meta property=\"article:published_time\" content=\"2019-09-11T08:00:20+00:00\" \/>\n<meta property=\"article:modified_time\" content=\"2025-12-03T19:26:00+00:00\" \/>\n<meta property=\"og:image\" content=\"https:\/\/slowmoov.com\/wp-content\/uploads\/2025\/10\/Village-champagne-07-scaled.webp\" \/>\n\t<meta property=\"og:image:width\" content=\"2560\" \/>\n\t<meta property=\"og:image:height\" content=\"1440\" \/>\n\t<meta property=\"og:image:type\" content=\"image\/webp\" \/>\n<meta name=\"author\" content=\"Seheno\" \/>\n<meta name=\"twitter:card\" content=\"summary_large_image\" \/>\n<meta name=\"twitter:creator\" content=\"@slowmoov\" \/>\n<meta name=\"twitter:site\" content=\"@slowmoov\" \/>\n<meta name=\"twitter:label1\" content=\"Verfasst von\" \/>\n\t<meta name=\"twitter:data1\" content=\"Seheno\" \/>\n\t<meta name=\"twitter:label2\" content=\"Gesch\u00e4tzte Lesezeit\" \/>\n\t<meta name=\"twitter:data2\" content=\"1\u00a0Minute\" \/>\n<script type=\"application\/ld+json\" class=\"yoast-schema-graph\">{\"@context\":\"https:\\\/\\\/schema.org\",\"@graph\":[{\"@type\":\"Article\",\"@id\":\"https:\\\/\\\/slowmoov.com\\\/de\\\/die-blasenmesse-wird-zu-blasen-und-gastronomie\\\/#article\",\"isPartOf\":{\"@id\":\"https:\\\/\\\/slowmoov.com\\\/de\\\/die-blasenmesse-wird-zu-blasen-und-gastronomie\\\/\"},\"author\":{\"name\":\"Seheno\",\"@id\":\"https:\\\/\\\/slowmoov.com\\\/de\\\/#\\\/schema\\\/person\\\/3cf370b82336711152292011c331c7b0\"},\"headline\":\"Die Blasenmesse wird zu &#8222;Blasen und Gastronomie&#8220;.\",\"datePublished\":\"2019-09-11T08:00:20+00:00\",\"dateModified\":\"2025-12-03T19:26:00+00:00\",\"mainEntityOfPage\":{\"@id\":\"https:\\\/\\\/slowmoov.com\\\/de\\\/die-blasenmesse-wird-zu-blasen-und-gastronomie\\\/\"},\"wordCount\":223,\"publisher\":{\"@id\":\"https:\\\/\\\/slowmoov.com\\\/de\\\/#organization\"},\"image\":{\"@id\":\"https:\\\/\\\/slowmoov.com\\\/de\\\/die-blasenmesse-wird-zu-blasen-und-gastronomie\\\/#primaryimage\"},\"thumbnailUrl\":\"https:\\\/\\\/slowmoov.com\\\/wp-content\\\/uploads\\\/2025\\\/10\\\/Village-champagne-07-scaled.webp\",\"keywords\":[\"Bar sur Aube\",\"Champagner\",\"Weinlese\"],\"articleSection\":[\"Dorf in der Champagne\",\"Nachrichten\"],\"inLanguage\":\"de\"},{\"@type\":\"WebPage\",\"@id\":\"https:\\\/\\\/slowmoov.com\\\/de\\\/die-blasenmesse-wird-zu-blasen-und-gastronomie\\\/\",\"url\":\"https:\\\/\\\/slowmoov.com\\\/de\\\/die-blasenmesse-wird-zu-blasen-und-gastronomie\\\/\",\"name\":\"Die Blasenmesse wird zu \\\"Blasen und Gastronomie\\\". - SlowMoov \u2013 Au\u00dfergew\u00f6hnliche D\u00f6rfer\",\"isPartOf\":{\"@id\":\"https:\\\/\\\/slowmoov.com\\\/de\\\/#website\"},\"primaryImageOfPage\":{\"@id\":\"https:\\\/\\\/slowmoov.com\\\/de\\\/die-blasenmesse-wird-zu-blasen-und-gastronomie\\\/#primaryimage\"},\"image\":{\"@id\":\"https:\\\/\\\/slowmoov.com\\\/de\\\/die-blasenmesse-wird-zu-blasen-und-gastronomie\\\/#primaryimage\"},\"thumbnailUrl\":\"https:\\\/\\\/slowmoov.com\\\/wp-content\\\/uploads\\\/2025\\\/10\\\/Village-champagne-07-scaled.webp\",\"datePublished\":\"2019-09-11T08:00:20+00:00\",\"dateModified\":\"2025-12-03T19:26:00+00:00\",\"description\":\"Aus der Blasenmesse wird BULLES & GASTRONOMIE: Treffen Sie uns in Bar-sur-Aube am 28. und 29. September 2019, um das Ende der Weinlese auf prickelnde und gastronomische Weise zu feiern.\",\"breadcrumb\":{\"@id\":\"https:\\\/\\\/slowmoov.com\\\/de\\\/die-blasenmesse-wird-zu-blasen-und-gastronomie\\\/#breadcrumb\"},\"inLanguage\":\"de\",\"potentialAction\":[{\"@type\":\"ReadAction\",\"target\":[\"https:\\\/\\\/slowmoov.com\\\/de\\\/die-blasenmesse-wird-zu-blasen-und-gastronomie\\\/\"]}]},{\"@type\":\"ImageObject\",\"inLanguage\":\"de\",\"@id\":\"https:\\\/\\\/slowmoov.com\\\/de\\\/die-blasenmesse-wird-zu-blasen-und-gastronomie\\\/#primaryimage\",\"url\":\"https:\\\/\\\/slowmoov.com\\\/wp-content\\\/uploads\\\/2025\\\/10\\\/Village-champagne-07-scaled.webp\",\"contentUrl\":\"https:\\\/\\\/slowmoov.com\\\/wp-content\\\/uploads\\\/2025\\\/10\\\/Village-champagne-07-scaled.webp\",\"width\":2560,\"height\":1440},{\"@type\":\"BreadcrumbList\",\"@id\":\"https:\\\/\\\/slowmoov.com\\\/de\\\/die-blasenmesse-wird-zu-blasen-und-gastronomie\\\/#breadcrumb\",\"itemListElement\":[{\"@type\":\"ListItem\",\"position\":1,\"name\":\"Accueil\",\"item\":\"https:\\\/\\\/slowmoov.com\\\/de\\\/\"},{\"@type\":\"ListItem\",\"position\":2,\"name\":\"Die Blasenmesse wird zu &#8222;Blasen und Gastronomie&#8220;.\"}]},{\"@type\":\"WebSite\",\"@id\":\"https:\\\/\\\/slowmoov.com\\\/de\\\/#website\",\"url\":\"https:\\\/\\\/slowmoov.com\\\/de\\\/\",\"name\":\"SlowMoov - Villages insolites\",\"description\":\"Venez passer vos prochaines vacances originales chez Slowmoov !\",\"publisher\":{\"@id\":\"https:\\\/\\\/slowmoov.com\\\/de\\\/#organization\"},\"potentialAction\":[{\"@type\":\"SearchAction\",\"target\":{\"@type\":\"EntryPoint\",\"urlTemplate\":\"https:\\\/\\\/slowmoov.com\\\/de\\\/?s={search_term_string}\"},\"query-input\":{\"@type\":\"PropertyValueSpecification\",\"valueRequired\":true,\"valueName\":\"search_term_string\"}}],\"inLanguage\":\"de\"},{\"@type\":\"Organization\",\"@id\":\"https:\\\/\\\/slowmoov.com\\\/de\\\/#organization\",\"name\":\"SlowMoov\",\"url\":\"https:\\\/\\\/slowmoov.com\\\/de\\\/\",\"logo\":{\"@type\":\"ImageObject\",\"inLanguage\":\"de\",\"@id\":\"https:\\\/\\\/slowmoov.com\\\/de\\\/#\\\/schema\\\/logo\\\/image\\\/\",\"url\":\"https:\\\/\\\/slowmoov.com\\\/wp-content\\\/uploads\\\/2025\\\/09\\\/logo-slowmoov-1.png\",\"contentUrl\":\"https:\\\/\\\/slowmoov.com\\\/wp-content\\\/uploads\\\/2025\\\/09\\\/logo-slowmoov-1.png\",\"width\":2234,\"height\":716,\"caption\":\"SlowMoov\"},\"image\":{\"@id\":\"https:\\\/\\\/slowmoov.com\\\/de\\\/#\\\/schema\\\/logo\\\/image\\\/\"},\"sameAs\":[\"https:\\\/\\\/www.facebook.com\\\/slowmoov\\\/\",\"https:\\\/\\\/x.com\\\/slowmoov\",\"https:\\\/\\\/www.instagram.com\\\/slowmoov_villages_insolites\\\/\",\"https:\\\/\\\/www.youtube.com\\\/channel\\\/UCqwuY0zlhJy1YsVWbnm-V7A\"]},{\"@type\":\"Person\",\"@id\":\"https:\\\/\\\/slowmoov.com\\\/de\\\/#\\\/schema\\\/person\\\/3cf370b82336711152292011c331c7b0\",\"name\":\"Seheno\",\"image\":{\"@type\":\"ImageObject\",\"inLanguage\":\"de\",\"@id\":\"https:\\\/\\\/secure.gravatar.com\\\/avatar\\\/0b9ac5909e92154b6fd6a28b28f55937a46288725be620b2886a97db28ecb96c?s=96&d=mm&r=g\",\"url\":\"https:\\\/\\\/secure.gravatar.com\\\/avatar\\\/0b9ac5909e92154b6fd6a28b28f55937a46288725be620b2886a97db28ecb96c?s=96&d=mm&r=g\",\"contentUrl\":\"https:\\\/\\\/secure.gravatar.com\\\/avatar\\\/0b9ac5909e92154b6fd6a28b28f55937a46288725be620b2886a97db28ecb96c?s=96&d=mm&r=g\",\"caption\":\"Seheno\"},\"url\":\"https:\\\/\\\/slowmoov.com\\\/de\\\/author\\\/admin123\\\/\"}]}<\/script>\n<!-- \/ Yoast SEO plugin. -->","yoast_head_json":{"title":"Die Blasenmesse wird zu \"Blasen und Gastronomie\". - SlowMoov \u2013 Au\u00dfergew\u00f6hnliche D\u00f6rfer","description":"Aus der Blasenmesse wird BULLES & GASTRONOMIE: Treffen Sie uns in Bar-sur-Aube am 28. und 29. September 2019, um das Ende der Weinlese auf prickelnde und gastronomische Weise zu feiern.","robots":{"index":"index","follow":"follow","max-snippet":"max-snippet:-1","max-image-preview":"max-image-preview:large","max-video-preview":"max-video-preview:-1"},"canonical":"https:\/\/slowmoov.com\/de\/die-blasenmesse-wird-zu-blasen-und-gastronomie\/","og_locale":"de_DE","og_type":"article","og_title":"Die Blasenmesse wird zu \"Blasen und Gastronomie\". - SlowMoov \u2013 Au\u00dfergew\u00f6hnliche D\u00f6rfer","og_description":"Aus der Blasenmesse wird BULLES & GASTRONOMIE: Treffen Sie uns in Bar-sur-Aube am 28. und 29. September 2019, um das Ende der Weinlese auf prickelnde und gastronomische Weise zu feiern.","og_url":"https:\/\/slowmoov.com\/de\/die-blasenmesse-wird-zu-blasen-und-gastronomie\/","og_site_name":"SlowMoov \u2013 Au\u00dfergew\u00f6hnliche D\u00f6rfer","article_publisher":"https:\/\/www.facebook.com\/slowmoov\/","article_published_time":"2019-09-11T08:00:20+00:00","article_modified_time":"2025-12-03T19:26:00+00:00","og_image":[{"width":2560,"height":1440,"url":"https:\/\/slowmoov.com\/wp-content\/uploads\/2025\/10\/Village-champagne-07-scaled.webp","type":"image\/webp"}],"author":"Seheno","twitter_card":"summary_large_image","twitter_creator":"@slowmoov","twitter_site":"@slowmoov","twitter_misc":{"Verfasst von":"Seheno","Gesch\u00e4tzte Lesezeit":"1\u00a0Minute"},"schema":{"@context":"https:\/\/schema.org","@graph":[{"@type":"Article","@id":"https:\/\/slowmoov.com\/de\/die-blasenmesse-wird-zu-blasen-und-gastronomie\/#article","isPartOf":{"@id":"https:\/\/slowmoov.com\/de\/die-blasenmesse-wird-zu-blasen-und-gastronomie\/"},"author":{"name":"Seheno","@id":"https:\/\/slowmoov.com\/de\/#\/schema\/person\/3cf370b82336711152292011c331c7b0"},"headline":"Die Blasenmesse wird zu &#8222;Blasen und Gastronomie&#8220;.","datePublished":"2019-09-11T08:00:20+00:00","dateModified":"2025-12-03T19:26:00+00:00","mainEntityOfPage":{"@id":"https:\/\/slowmoov.com\/de\/die-blasenmesse-wird-zu-blasen-und-gastronomie\/"},"wordCount":223,"publisher":{"@id":"https:\/\/slowmoov.com\/de\/#organization"},"image":{"@id":"https:\/\/slowmoov.com\/de\/die-blasenmesse-wird-zu-blasen-und-gastronomie\/#primaryimage"},"thumbnailUrl":"https:\/\/slowmoov.com\/wp-content\/uploads\/2025\/10\/Village-champagne-07-scaled.webp","keywords":["Bar sur Aube","Champagner","Weinlese"],"articleSection":["Dorf in der Champagne","Nachrichten"],"inLanguage":"de"},{"@type":"WebPage","@id":"https:\/\/slowmoov.com\/de\/die-blasenmesse-wird-zu-blasen-und-gastronomie\/","url":"https:\/\/slowmoov.com\/de\/die-blasenmesse-wird-zu-blasen-und-gastronomie\/","name":"Die Blasenmesse wird zu \"Blasen und Gastronomie\". - SlowMoov \u2013 Au\u00dfergew\u00f6hnliche D\u00f6rfer","isPartOf":{"@id":"https:\/\/slowmoov.com\/de\/#website"},"primaryImageOfPage":{"@id":"https:\/\/slowmoov.com\/de\/die-blasenmesse-wird-zu-blasen-und-gastronomie\/#primaryimage"},"image":{"@id":"https:\/\/slowmoov.com\/de\/die-blasenmesse-wird-zu-blasen-und-gastronomie\/#primaryimage"},"thumbnailUrl":"https:\/\/slowmoov.com\/wp-content\/uploads\/2025\/10\/Village-champagne-07-scaled.webp","datePublished":"2019-09-11T08:00:20+00:00","dateModified":"2025-12-03T19:26:00+00:00","description":"Aus der Blasenmesse wird BULLES & GASTRONOMIE: Treffen Sie uns in Bar-sur-Aube am 28. und 29. September 2019, um das Ende der Weinlese auf prickelnde und gastronomische Weise zu feiern.","breadcrumb":{"@id":"https:\/\/slowmoov.com\/de\/die-blasenmesse-wird-zu-blasen-und-gastronomie\/#breadcrumb"},"inLanguage":"de","potentialAction":[{"@type":"ReadAction","target":["https:\/\/slowmoov.com\/de\/die-blasenmesse-wird-zu-blasen-und-gastronomie\/"]}]},{"@type":"ImageObject","inLanguage":"de","@id":"https:\/\/slowmoov.com\/de\/die-blasenmesse-wird-zu-blasen-und-gastronomie\/#primaryimage","url":"https:\/\/slowmoov.com\/wp-content\/uploads\/2025\/10\/Village-champagne-07-scaled.webp","contentUrl":"https:\/\/slowmoov.com\/wp-content\/uploads\/2025\/10\/Village-champagne-07-scaled.webp","width":2560,"height":1440},{"@type":"BreadcrumbList","@id":"https:\/\/slowmoov.com\/de\/die-blasenmesse-wird-zu-blasen-und-gastronomie\/#breadcrumb","itemListElement":[{"@type":"ListItem","position":1,"name":"Accueil","item":"https:\/\/slowmoov.com\/de\/"},{"@type":"ListItem","position":2,"name":"Die Blasenmesse wird zu &#8222;Blasen und Gastronomie&#8220;."}]},{"@type":"WebSite","@id":"https:\/\/slowmoov.com\/de\/#website","url":"https:\/\/slowmoov.com\/de\/","name":"SlowMoov - Villages insolites","description":"Venez passer vos prochaines vacances originales chez Slowmoov !","publisher":{"@id":"https:\/\/slowmoov.com\/de\/#organization"},"potentialAction":[{"@type":"SearchAction","target":{"@type":"EntryPoint","urlTemplate":"https:\/\/slowmoov.com\/de\/?s={search_term_string}"},"query-input":{"@type":"PropertyValueSpecification","valueRequired":true,"valueName":"search_term_string"}}],"inLanguage":"de"},{"@type":"Organization","@id":"https:\/\/slowmoov.com\/de\/#organization","name":"SlowMoov","url":"https:\/\/slowmoov.com\/de\/","logo":{"@type":"ImageObject","inLanguage":"de","@id":"https:\/\/slowmoov.com\/de\/#\/schema\/logo\/image\/","url":"https:\/\/slowmoov.com\/wp-content\/uploads\/2025\/09\/logo-slowmoov-1.png","contentUrl":"https:\/\/slowmoov.com\/wp-content\/uploads\/2025\/09\/logo-slowmoov-1.png","width":2234,"height":716,"caption":"SlowMoov"},"image":{"@id":"https:\/\/slowmoov.com\/de\/#\/schema\/logo\/image\/"},"sameAs":["https:\/\/www.facebook.com\/slowmoov\/","https:\/\/x.com\/slowmoov","https:\/\/www.instagram.com\/slowmoov_villages_insolites\/","https:\/\/www.youtube.com\/channel\/UCqwuY0zlhJy1YsVWbnm-V7A"]},{"@type":"Person","@id":"https:\/\/slowmoov.com\/de\/#\/schema\/person\/3cf370b82336711152292011c331c7b0","name":"Seheno","image":{"@type":"ImageObject","inLanguage":"de","@id":"https:\/\/secure.gravatar.com\/avatar\/0b9ac5909e92154b6fd6a28b28f55937a46288725be620b2886a97db28ecb96c?s=96&d=mm&r=g","url":"https:\/\/secure.gravatar.com\/avatar\/0b9ac5909e92154b6fd6a28b28f55937a46288725be620b2886a97db28ecb96c?s=96&d=mm&r=g","contentUrl":"https:\/\/secure.gravatar.com\/avatar\/0b9ac5909e92154b6fd6a28b28f55937a46288725be620b2886a97db28ecb96c?s=96&d=mm&r=g","caption":"Seheno"},"url":"https:\/\/slowmoov.com\/de\/author\/admin123\/"}]}},"_links":{"self":[{"href":"https:\/\/slowmoov.com\/de\/wp-json\/wp\/v2\/posts\/74683","targetHints":{"allow":["GET"]}}],"collection":[{"href":"https:\/\/slowmoov.com\/de\/wp-json\/wp\/v2\/posts"}],"about":[{"href":"https:\/\/slowmoov.com\/de\/wp-json\/wp\/v2\/types\/post"}],"author":[{"embeddable":true,"href":"https:\/\/slowmoov.com\/de\/wp-json\/wp\/v2\/users\/5"}],"replies":[{"embeddable":true,"href":"https:\/\/slowmoov.com\/de\/wp-json\/wp\/v2\/comments?post=74683"}],"version-history":[{"count":0,"href":"https:\/\/slowmoov.com\/de\/wp-json\/wp\/v2\/posts\/74683\/revisions"}],"wp:featuredmedia":[{"embeddable":true,"href":"https:\/\/slowmoov.com\/de\/wp-json\/wp\/v2\/media\/74684"}],"wp:attachment":[{"href":"https:\/\/slowmoov.com\/de\/wp-json\/wp\/v2\/media?parent=74683"}],"wp:term":[{"taxonomy":"category","embeddable":true,"href":"https:\/\/slowmoov.com\/de\/wp-json\/wp\/v2\/categories?post=74683"},{"taxonomy":"post_tag","embeddable":true,"href":"https:\/\/slowmoov.com\/de\/wp-json\/wp\/v2\/tags?post=74683"}],"curies":[{"name":"wp","href":"https:\/\/api.w.org\/{rel}","templated":true}]}}